{"id":683,"date":"2022-03-07T20:38:06","date_gmt":"2022-03-07T20:38:06","guid":{"rendered":"https:\/\/amlegal.rethinkdigital.io\/blog\/urteil-geschaeftsfuehrer-verantwortlicher\/"},"modified":"2022-09-17T11:50:10","modified_gmt":"2022-09-17T10:50:10","slug":"urteil-geschaeftsfuehrer-verantwortlicher","status":"publish","type":"post","link":"https:\/\/www.activemind.legal\/de\/guides\/urteil-geschaeftsfuehrer-verantwortlicher\/","title":{"rendered":"Gesch\u00e4ftsf\u00fchrer einer GmbH ist neben der Gesellschaft Verantwortlicher im Sinne der DSGVO"},"content":{"rendered":"\t\t<div data-elementor-type=\"wp-post\" data-elementor-id=\"683\" class=\"elementor elementor-683\" data-elementor-post-type=\"post\">\n\t\t\t\t\t\t<section class=\"elementor-section elementor-top-section elementor-element elementor-element-5f8063d8 elementor-section-boxed elementor-section-height-default elementor-section-height-default\" data-id=\"5f8063d8\" data-element_type=\"section\">\n\t\t\t\t\t\t<div class=\"elementor-container elementor-column-gap-default\">\n\t\t\t\t\t<div class=\"elementor-column elementor-col-100 elementor-top-column elementor-element elementor-element-2f2bdcb5\" data-id=\"2f2bdcb5\" data-element_type=\"column\">\n\t\t\t<div class=\"elementor-widget-wrap elementor-element-populated\">\n\t\t\t\t\t\t<div class=\"elementor-element elementor-element-769548ac elementor-widget elementor-widget-text-editor\" data-id=\"769548ac\" data-element_type=\"widget\" data-widget_type=\"text-editor.default\">\n\t\t\t\t<div class=\"elementor-widget-container\">\n\t\t\t\t\t\t\t\t\t<p>Das Oberlandesgericht (OLG) Dresden entschied in seinem Urteil vom 30. November 2021, dass der Gesch\u00e4ftsf\u00fchrer einer GmbH neben der Gesellschaft Verantwortlicher im Sinne der Datenschutz-Grundverordnung (DSGVO) ist und demnach als Gesamtschuldner haftet (<a href=\"https:\/\/www.justiz.sachsen.de\/esamosplus\/pages\/index.aspx\" target=\"_blank\" rel=\"noopener nofollow\">Az.: 4 U 1158\/21<\/a>).<\/p><p>\u00a0<\/p>\t\t\t\t\t\t\t\t<\/div>\n\t\t\t\t<\/div>\n\t\t\t\t<div class=\"elementor-element elementor-element-eb550cf elementor-widget elementor-widget-text-editor\" data-id=\"eb550cf\" data-element_type=\"widget\" data-widget_type=\"text-editor.default\">\n\t\t\t\t<div class=\"elementor-widget-container\">\n\t\t\t\t\t\t\t\t\t<p>\u00a0<\/p><h2>Der Sachverhalt<\/h2><p>Das Oberlandesgericht Dresden hatte \u00fcber die Haftbarkeit einer GmbH und insbesondere von deren Gesch\u00e4ftsf\u00fchrer zu entscheiden. Der zugrunde liegende Sachverhalt war die Mitgliedsanfrage eines Autoh\u00e4ndlers (Kl\u00e4ger) bei einer GmbH. Bevor \u00fcber diese Mitgliedsanfrage entschieden wurde, beauftragte der Gesch\u00e4ftsf\u00fchrer der beklagten GmbH einen Privatdetektiv, Hintergrundrecherchen zu m\u00f6glichen strafrechtlich relevanten Handlungen des Autoh\u00e4ndlers durchzuf\u00fchren. Dabei handelte der Gesch\u00e4ftsf\u00fchrer im Namen der beklagten Gesellschaft. Die Recherche des Detektivs kam schlie\u00dflich zu dem Ergebnis, dass der Kl\u00e4ger tats\u00e4chlich in der Vergangenheit an strafrechtlich relevanten Sachverhalten beteiligt war.<\/p><p>In dieser Erhebung von Daten sah der Kl\u00e4ger einen Datenschutzversto\u00df, der nicht durch <a href=\"https:\/\/www.activemind.legal\/de\/gesetze\/dsgvo\/artikel-6\/\">Art. 6 Abs. 1 lit f. DSGVO<\/a> zu rechtfertigen sei sowie einen Versto\u00df gegen <a href=\"https:\/\/www.activemind.legal\/de\/gesetze\/dsgvo\/artikel-10\/\">Art. 10 DSGVO<\/a>. Der Kl\u00e4ger verlangte sowohl von der Gesellschaft als auch von dem Gesch\u00e4ftsf\u00fchrer Schadensersatz in H\u00f6he von 21.000 Euro. Die Beklagte dagegen sah keinen Grund f\u00fcr eine Haftung und ging ebenfalls mit dem Ziel einer Klageabweisung in Berufung.<\/p><p style=\"text-align: center;\">In unseren regelm\u00e4\u00dfigen <a href=\"\/de\/urteile\/\">Besprechungen von Urteilen zum Datenschutzrecht<\/a> erkl\u00e4ren wir Ihnen die Konsequenzen f\u00fcr den Unternehmensalltag.<\/p><p>\u00a0<\/p><h2>Der Urteilsspruch<\/h2><p>Das Oberlandesgericht sah einen Versto\u00df gegen die DSGVO als erwiesen an und sprach dem Kl\u00e4ger Schadensersatz in H\u00f6he von 5.000 Euro zu. N\u00e4her entschied das Gericht, dass sowohl die GmbH als auch der Gesch\u00e4ftsf\u00fchrer selbst jeweils eigenst\u00e4ndig Verantwortliche im Sinne des <a href=\"https:\/\/www.activemind.legal\/de\/gesetze\/dsgvo\/artikel-4\/\">Art. 4 Nr. 7 DSGVO<\/a> seien.<\/p><p>Damit bejahte das Gericht einen Schadensersatzanspruch aus <a href=\"https:\/\/www.activemind.legal\/de\/gesetze\/dsgvo\/artikel-82\/\">Art. 82 Abs. 1 DSGVO<\/a>, der als Normadressat den Verantwortlichen in die Haftung nimmt. Eine Verantwortlichkeit sei immer dann gegeben, wenn eine nat\u00fcrliche oder juristische Person alleine oder gemeinsam mit anderen \u00fcber Zwecke und Mittel der Verarbeitung personenbezogener Daten entscheidet.<\/p><p>Neben der rechtswidrigen Datenverarbeitung, eine Rechtsgrundlage liege im gegenw\u00e4rtigen Fall nicht vor, nahm das Gericht auch einen Versto\u00df gegen <a href=\"https:\/\/www.activemind.legal\/de\/gesetze\/dsgvo\/artikel-10\/\">Art. 10 DSGVO<\/a> an. Denn die Verarbeitung personenbezogener Daten \u00fcber strafrechtliche Verurteilungen und Straftaten sei grunds\u00e4tzlich nur unter beh\u00f6rdlicher Aufsicht gestattet.<\/p><h2>Datenschutzrechtliche Beurteilung<\/h2><p>Damit f\u00fchrt dieses Urteil in der Praxis zu weitreichenden Haftungsrisiken f\u00fcr Gesch\u00e4ftsf\u00fchrer, insbesondere dann, wenn auch andere Gerichte der Auffassung des OLG Dresden folgen. Bejaht man eine eigene Verantwortlichkeit, k\u00f6nnten Gesch\u00e4ftsf\u00fchrer wegen Verst\u00f6\u00dfen \u2013 nicht nur bei einem Exzess \u2013 gegen das Datenschutzrecht pers\u00f6nlich in Anspruch genommen werden.<\/p><p>Dabei spricht auch einiges f\u00fcr das Gegenteil, n\u00e4mlich Gesch\u00e4ftsf\u00fchrer als ebenfalls weisungsgebundene Arbeitnehmer zu behandeln, wonach diese regelm\u00e4\u00dfig nicht in eigener Verantwortlichkeit handeln. Der Gesch\u00e4ftsf\u00fchrer handelt im Grunde immer auch f\u00fcr und im Namen der Gesellschaft und ist der Gesellschafterversammlung gegen\u00fcber weisungsgebunden. Die Frage der Verantwortlichkeit ist daher vielmehr eine des konkreten Einzelfalls und darf nicht per se f\u00fcr den Gesch\u00e4ftsf\u00fchrer gelten. Auch hier wird es im Ergebnis darauf ankommen m\u00fcssen, ob eine eigenm\u00e4chtig durchgef\u00fchrte exzessive Verarbeitung durch den Gesch\u00e4ftsf\u00fchrer veranlasst wird, die keinen Gesch\u00e4ftszweck verfolgt. Dagegen wurde vom OLG Dresden ohne eine Einzelfallpr\u00fcfung die Verantwortlichkeit des Gesch\u00e4ftsf\u00fchrers angenommen.<\/p><p>Die Rechtsfolgenseite kommt bei diesem Urteil zu kurz. Denn folgt man dieser Auffassung, gelten alle Pflichten, die aus der DSGVO f\u00fcr Verantwortliche resultieren, sowohl f\u00fcr das Unternehmen, als auch f\u00fcr den Gesch\u00e4ftsf\u00fchrer in gleicher Weise.<\/p><p>Auch f\u00fchrte dies m\u00f6glicherweise zu einer <a href=\"https:\/\/www.activemind.de\/magazin\/gemeinsam-verantwortliche\/\">gemeinsamen Verantwortlichkeit<\/a> zwischen dem Unternehmen als juristischer Person und dem Gesch\u00e4ftsf\u00fchrer. Dies kann nicht Absicht des Verordnungsgebers gewesen sein.<\/p><p>Auch der Umstand, dass die beauftragte Sammlung von Hintergrundinformationen keinem privaten Interesse des Gesch\u00e4ftsf\u00fchrers diente, sondern vielmehr in die unternehmerische Sph\u00e4re zu verorten ist, kann vorliegend auch keine vom Unternehmen losgel\u00f6ste datenschutzrechtliche Verantwortlichkeit zur Folge haben.<\/p><h2>Fazit<\/h2><p>Bahnbrechend ist bei dem Urteil des OLG Dresden, dass erstmals auch eine Haftung des Gesch\u00e4ftsf\u00fchrers neben der Gesellschaft anerkannt wurde. Beide haften als Gesamtschuldner. Begr\u00fcndet wird die Haftung des Gesch\u00e4ftsf\u00fchrers dadurch, dass er durch die Beauftragung der dem Datenschutzversto\u00df zugrundeliegenden Datenverarbeitung als Verantwortlicher im Sinne des <a href=\"https:\/\/www.activemind.legal\/de\/gesetze\/dsgvo\/artikel-4\/\">Art. 4 Nr. 7 DSGVO<\/a> zu betrachten sei.<\/p><p>Es bleibt abzuwarten, ob diese Rechtsprechung auch andere Gerichte \u00fcberzeugen kann und welche Ma\u00dfst\u00e4be daraus ggf. Anwendung finden. Derzeit erscheint es allerdings zweifelhaft, ob eine entsprechende Auslegung viele Nachahmer finden wird. Unternehmen sollten die Entwicklung jedoch unbedingt im Auge behalten.<\/p>\t\t\t\t\t\t\t\t<\/div>\n\t\t\t\t<\/div>\n\t\t\t\t\t<\/div>\n\t\t<\/div>\n\t\t\t\t\t<\/div>\n\t\t<\/section>\n\t\t\t\t<\/div>\n\t\t","protected":false},"excerpt":{"rendered":"<p>Das OLG Dresden trifft eine Entscheidung, die datenschutzrechtlich massive Folgen haben k\u00f6nnte.<\/p>\n","protected":false},"author":13,"featured_media":0,"comment_status":"open","ping_status":"open","sticky":false,"template":"","format":"standard","meta":{"_acf_changed":false,"footnotes":""},"categories":[45],"tags":[],"class_list":["post-683","post","type-post","status-publish","format-standard","hentry","category-urteile"],"acf":[],"yoast_head":"<!-- This site is optimized with the Yoast SEO plugin v27.3 - https:\/\/yoast.com\/product\/yoast-seo-wordpress\/ -->\n<title>Haftung des Gesch\u00e4ftsf\u00fchrers im Sinne der DSGVO| activeMind.legal<\/title>\n<meta name=\"description\" content=\"Gesch\u00e4ftsf\u00fchrer einer GmbH ist neben der Gesellschaft Verantwortlicher im Sinne der DSGVO. Was bedeutet dieses Urteil des OLG Dresden?\" \/>\n<meta name=\"robots\" content=\"index, follow, max-snippet:-1, max-image-preview:large, max-video-preview:-1\" \/>\n<link rel=\"canonical\" href=\"https:\/\/www.activemind.legal\/de\/guides\/urteil-geschaeftsfuehrer-verantwortlicher\/\" \/>\n<meta property=\"og:locale\" content=\"de_DE\" \/>\n<meta property=\"og:type\" content=\"article\" \/>\n<meta property=\"og:title\" content=\"Haftung des Gesch\u00e4ftsf\u00fchrers im Sinne der DSGVO| activeMind.legal\" \/>\n<meta property=\"og:description\" content=\"Gesch\u00e4ftsf\u00fchrer einer GmbH ist neben der Gesellschaft Verantwortlicher im Sinne der DSGVO. Was bedeutet dieses Urteil des OLG Dresden?\" \/>\n<meta property=\"og:url\" content=\"https:\/\/www.activemind.legal\/de\/guides\/urteil-geschaeftsfuehrer-verantwortlicher\/\" \/>\n<meta property=\"og:site_name\" content=\"activeMind.legal\" \/>\n<meta property=\"article:published_time\" content=\"2022-03-07T20:38:06+00:00\" \/>\n<meta property=\"article:modified_time\" content=\"2022-09-17T10:50:10+00:00\" \/>\n<meta name=\"author\" content=\"Martin R\u00f6leke\" \/>\n<meta name=\"twitter:card\" content=\"summary_large_image\" \/>\n<meta name=\"twitter:label1\" content=\"Written by\" \/>\n\t<meta name=\"twitter:data1\" content=\"Martin R\u00f6leke\" \/>\n\t<meta name=\"twitter:label2\" content=\"Est. reading time\" \/>\n\t<meta name=\"twitter:data2\" content=\"4 minutes\" \/>\n<script type=\"application\/ld+json\" class=\"yoast-schema-graph\">{\"@context\":\"https:\\\/\\\/schema.org\",\"@graph\":[{\"@type\":\"Article\",\"@id\":\"https:\\\/\\\/www.activemind.legal\\\/de\\\/guides\\\/urteil-geschaeftsfuehrer-verantwortlicher\\\/#article\",\"isPartOf\":{\"@id\":\"https:\\\/\\\/www.activemind.legal\\\/de\\\/guides\\\/urteil-geschaeftsfuehrer-verantwortlicher\\\/\"},\"author\":{\"name\":\"Martin R\u00f6leke\",\"@id\":\"https:\\\/\\\/www.activemind.legal\\\/de\\\/#\\\/schema\\\/person\\\/23b3c9cf99d7d22e0a1b0501a1fd2eb2\"},\"headline\":\"Gesch\u00e4ftsf\u00fchrer einer GmbH ist neben der Gesellschaft Verantwortlicher im Sinne der DSGVO\",\"datePublished\":\"2022-03-07T20:38:06+00:00\",\"dateModified\":\"2022-09-17T10:50:10+00:00\",\"mainEntityOfPage\":{\"@id\":\"https:\\\/\\\/www.activemind.legal\\\/de\\\/guides\\\/urteil-geschaeftsfuehrer-verantwortlicher\\\/\"},\"wordCount\":761,\"commentCount\":0,\"publisher\":{\"@id\":\"https:\\\/\\\/www.activemind.legal\\\/de\\\/#organization\"},\"articleSection\":[\"Urteile\"],\"inLanguage\":\"de-DE\",\"potentialAction\":[{\"@type\":\"CommentAction\",\"name\":\"Comment\",\"target\":[\"https:\\\/\\\/www.activemind.legal\\\/de\\\/guides\\\/urteil-geschaeftsfuehrer-verantwortlicher\\\/#respond\"]}]},{\"@type\":\"WebPage\",\"@id\":\"https:\\\/\\\/www.activemind.legal\\\/de\\\/guides\\\/urteil-geschaeftsfuehrer-verantwortlicher\\\/\",\"url\":\"https:\\\/\\\/www.activemind.legal\\\/de\\\/guides\\\/urteil-geschaeftsfuehrer-verantwortlicher\\\/\",\"name\":\"Haftung des Gesch\u00e4ftsf\u00fchrers im Sinne der DSGVO| activeMind.legal\",\"isPartOf\":{\"@id\":\"https:\\\/\\\/www.activemind.legal\\\/de\\\/#website\"},\"datePublished\":\"2022-03-07T20:38:06+00:00\",\"dateModified\":\"2022-09-17T10:50:10+00:00\",\"description\":\"Gesch\u00e4ftsf\u00fchrer einer GmbH ist neben der Gesellschaft Verantwortlicher im Sinne der DSGVO. Was bedeutet dieses Urteil des OLG Dresden?\",\"breadcrumb\":{\"@id\":\"https:\\\/\\\/www.activemind.legal\\\/de\\\/guides\\\/urteil-geschaeftsfuehrer-verantwortlicher\\\/#breadcrumb\"},\"inLanguage\":\"de-DE\",\"potentialAction\":[{\"@type\":\"ReadAction\",\"target\":[\"https:\\\/\\\/www.activemind.legal\\\/de\\\/guides\\\/urteil-geschaeftsfuehrer-verantwortlicher\\\/\"]}]},{\"@type\":\"BreadcrumbList\",\"@id\":\"https:\\\/\\\/www.activemind.legal\\\/de\\\/guides\\\/urteil-geschaeftsfuehrer-verantwortlicher\\\/#breadcrumb\",\"itemListElement\":[{\"@type\":\"ListItem\",\"position\":1,\"name\":\"Home\",\"item\":\"https:\\\/\\\/www.activemind.legal\\\/de\\\/\"},{\"@type\":\"ListItem\",\"position\":2,\"name\":\"Gesch\u00e4ftsf\u00fchrer einer GmbH ist neben der Gesellschaft Verantwortlicher im Sinne der DSGVO\"}]},{\"@type\":\"WebSite\",\"@id\":\"https:\\\/\\\/www.activemind.legal\\\/de\\\/#website\",\"url\":\"https:\\\/\\\/www.activemind.legal\\\/de\\\/\",\"name\":\"activeMind.legal\",\"description\":\"\",\"publisher\":{\"@id\":\"https:\\\/\\\/www.activemind.legal\\\/de\\\/#organization\"},\"potentialAction\":[{\"@type\":\"SearchAction\",\"target\":{\"@type\":\"EntryPoint\",\"urlTemplate\":\"https:\\\/\\\/www.activemind.legal\\\/de\\\/?s={search_term_string}\"},\"query-input\":{\"@type\":\"PropertyValueSpecification\",\"valueRequired\":true,\"valueName\":\"search_term_string\"}}],\"inLanguage\":\"de-DE\"},{\"@type\":\"Organization\",\"@id\":\"https:\\\/\\\/www.activemind.legal\\\/de\\\/#organization\",\"name\":\"activeMind.legal\",\"alternateName\":\"activeMind.legal Rechtsanwaltsgesellschaft mbH\",\"url\":\"https:\\\/\\\/www.activemind.legal\\\/de\\\/\",\"logo\":{\"@type\":\"ImageObject\",\"inLanguage\":\"de-DE\",\"@id\":\"https:\\\/\\\/www.activemind.legal\\\/de\\\/#\\\/schema\\\/logo\\\/image\\\/\",\"url\":\"https:\\\/\\\/www.activemind.legal\\\/wp-content\\\/uploads\\\/activeMind-legal_logo.svg\",\"contentUrl\":\"https:\\\/\\\/www.activemind.legal\\\/wp-content\\\/uploads\\\/activeMind-legal_logo.svg\",\"caption\":\"activeMind.legal\"},\"image\":{\"@id\":\"https:\\\/\\\/www.activemind.legal\\\/de\\\/#\\\/schema\\\/logo\\\/image\\\/\"}},{\"@type\":\"Person\",\"@id\":\"https:\\\/\\\/www.activemind.legal\\\/de\\\/#\\\/schema\\\/person\\\/23b3c9cf99d7d22e0a1b0501a1fd2eb2\",\"name\":\"Martin R\u00f6leke\",\"url\":\"https:\\\/\\\/www.activemind.legal\\\/de\\\/guides\\\/author\\\/martinroeleke\\\/\"}]}<\/script>\n<!-- \/ Yoast SEO plugin. -->","yoast_head_json":{"title":"Haftung des Gesch\u00e4ftsf\u00fchrers im Sinne der DSGVO| activeMind.legal","description":"Gesch\u00e4ftsf\u00fchrer einer GmbH ist neben der Gesellschaft Verantwortlicher im Sinne der DSGVO. Was bedeutet dieses Urteil des OLG Dresden?","robots":{"index":"index","follow":"follow","max-snippet":"max-snippet:-1","max-image-preview":"max-image-preview:large","max-video-preview":"max-video-preview:-1"},"canonical":"https:\/\/www.activemind.legal\/de\/guides\/urteil-geschaeftsfuehrer-verantwortlicher\/","og_locale":"de_DE","og_type":"article","og_title":"Haftung des Gesch\u00e4ftsf\u00fchrers im Sinne der DSGVO| activeMind.legal","og_description":"Gesch\u00e4ftsf\u00fchrer einer GmbH ist neben der Gesellschaft Verantwortlicher im Sinne der DSGVO. Was bedeutet dieses Urteil des OLG Dresden?","og_url":"https:\/\/www.activemind.legal\/de\/guides\/urteil-geschaeftsfuehrer-verantwortlicher\/","og_site_name":"activeMind.legal","article_published_time":"2022-03-07T20:38:06+00:00","article_modified_time":"2022-09-17T10:50:10+00:00","author":"Martin R\u00f6leke","twitter_card":"summary_large_image","twitter_misc":{"Written by":"Martin R\u00f6leke","Est. reading time":"4 minutes"},"schema":{"@context":"https:\/\/schema.org","@graph":[{"@type":"Article","@id":"https:\/\/www.activemind.legal\/de\/guides\/urteil-geschaeftsfuehrer-verantwortlicher\/#article","isPartOf":{"@id":"https:\/\/www.activemind.legal\/de\/guides\/urteil-geschaeftsfuehrer-verantwortlicher\/"},"author":{"name":"Martin R\u00f6leke","@id":"https:\/\/www.activemind.legal\/de\/#\/schema\/person\/23b3c9cf99d7d22e0a1b0501a1fd2eb2"},"headline":"Gesch\u00e4ftsf\u00fchrer einer GmbH ist neben der Gesellschaft Verantwortlicher im Sinne der DSGVO","datePublished":"2022-03-07T20:38:06+00:00","dateModified":"2022-09-17T10:50:10+00:00","mainEntityOfPage":{"@id":"https:\/\/www.activemind.legal\/de\/guides\/urteil-geschaeftsfuehrer-verantwortlicher\/"},"wordCount":761,"commentCount":0,"publisher":{"@id":"https:\/\/www.activemind.legal\/de\/#organization"},"articleSection":["Urteile"],"inLanguage":"de-DE","potentialAction":[{"@type":"CommentAction","name":"Comment","target":["https:\/\/www.activemind.legal\/de\/guides\/urteil-geschaeftsfuehrer-verantwortlicher\/#respond"]}]},{"@type":"WebPage","@id":"https:\/\/www.activemind.legal\/de\/guides\/urteil-geschaeftsfuehrer-verantwortlicher\/","url":"https:\/\/www.activemind.legal\/de\/guides\/urteil-geschaeftsfuehrer-verantwortlicher\/","name":"Haftung des Gesch\u00e4ftsf\u00fchrers im Sinne der DSGVO| activeMind.legal","isPartOf":{"@id":"https:\/\/www.activemind.legal\/de\/#website"},"datePublished":"2022-03-07T20:38:06+00:00","dateModified":"2022-09-17T10:50:10+00:00","description":"Gesch\u00e4ftsf\u00fchrer einer GmbH ist neben der Gesellschaft Verantwortlicher im Sinne der DSGVO. Was bedeutet dieses Urteil des OLG Dresden?","breadcrumb":{"@id":"https:\/\/www.activemind.legal\/de\/guides\/urteil-geschaeftsfuehrer-verantwortlicher\/#breadcrumb"},"inLanguage":"de-DE","potentialAction":[{"@type":"ReadAction","target":["https:\/\/www.activemind.legal\/de\/guides\/urteil-geschaeftsfuehrer-verantwortlicher\/"]}]},{"@type":"BreadcrumbList","@id":"https:\/\/www.activemind.legal\/de\/guides\/urteil-geschaeftsfuehrer-verantwortlicher\/#breadcrumb","itemListElement":[{"@type":"ListItem","position":1,"name":"Home","item":"https:\/\/www.activemind.legal\/de\/"},{"@type":"ListItem","position":2,"name":"Gesch\u00e4ftsf\u00fchrer einer GmbH ist neben der Gesellschaft Verantwortlicher im Sinne der DSGVO"}]},{"@type":"WebSite","@id":"https:\/\/www.activemind.legal\/de\/#website","url":"https:\/\/www.activemind.legal\/de\/","name":"activeMind.legal","description":"","publisher":{"@id":"https:\/\/www.activemind.legal\/de\/#organization"},"potentialAction":[{"@type":"SearchAction","target":{"@type":"EntryPoint","urlTemplate":"https:\/\/www.activemind.legal\/de\/?s={search_term_string}"},"query-input":{"@type":"PropertyValueSpecification","valueRequired":true,"valueName":"search_term_string"}}],"inLanguage":"de-DE"},{"@type":"Organization","@id":"https:\/\/www.activemind.legal\/de\/#organization","name":"activeMind.legal","alternateName":"activeMind.legal Rechtsanwaltsgesellschaft mbH","url":"https:\/\/www.activemind.legal\/de\/","logo":{"@type":"ImageObject","inLanguage":"de-DE","@id":"https:\/\/www.activemind.legal\/de\/#\/schema\/logo\/image\/","url":"https:\/\/www.activemind.legal\/wp-content\/uploads\/activeMind-legal_logo.svg","contentUrl":"https:\/\/www.activemind.legal\/wp-content\/uploads\/activeMind-legal_logo.svg","caption":"activeMind.legal"},"image":{"@id":"https:\/\/www.activemind.legal\/de\/#\/schema\/logo\/image\/"}},{"@type":"Person","@id":"https:\/\/www.activemind.legal\/de\/#\/schema\/person\/23b3c9cf99d7d22e0a1b0501a1fd2eb2","name":"Martin R\u00f6leke","url":"https:\/\/www.activemind.legal\/de\/guides\/author\/martinroeleke\/"}]}},"_links":{"self":[{"href":"https:\/\/www.activemind.legal\/de\/wp-json\/wp\/v2\/posts\/683","targetHints":{"allow":["GET"]}}],"collection":[{"href":"https:\/\/www.activemind.legal\/de\/wp-json\/wp\/v2\/posts"}],"about":[{"href":"https:\/\/www.activemind.legal\/de\/wp-json\/wp\/v2\/types\/post"}],"author":[{"embeddable":true,"href":"https:\/\/www.activemind.legal\/de\/wp-json\/wp\/v2\/users\/13"}],"replies":[{"embeddable":true,"href":"https:\/\/www.activemind.legal\/de\/wp-json\/wp\/v2\/comments?post=683"}],"version-history":[{"count":5,"href":"https:\/\/www.activemind.legal\/de\/wp-json\/wp\/v2\/posts\/683\/revisions"}],"predecessor-version":[{"id":4982,"href":"https:\/\/www.activemind.legal\/de\/wp-json\/wp\/v2\/posts\/683\/revisions\/4982"}],"wp:attachment":[{"href":"https:\/\/www.activemind.legal\/de\/wp-json\/wp\/v2\/media?parent=683"}],"wp:term":[{"taxonomy":"category","embeddable":true,"href":"https:\/\/www.activemind.legal\/de\/wp-json\/wp\/v2\/categories?post=683"},{"taxonomy":"post_tag","embeddable":true,"href":"https:\/\/www.activemind.legal\/de\/wp-json\/wp\/v2\/tags?post=683"}],"curies":[{"name":"wp","href":"https:\/\/api.w.org\/{rel}","templated":true}]}}