{"id":23531,"date":"2026-01-27T11:34:26","date_gmt":"2026-01-27T10:34:26","guid":{"rendered":"https:\/\/www.activemind.legal\/?p=23531"},"modified":"2026-01-28T09:37:42","modified_gmt":"2026-01-28T08:37:42","slug":"datenschutztag","status":"publish","type":"post","link":"https:\/\/www.activemind.legal\/de\/guides\/datenschutztag\/","title":{"rendered":"Internationaler Datenschutztag 2026"},"content":{"rendered":"\t\t<div data-elementor-type=\"wp-post\" data-elementor-id=\"23531\" class=\"elementor elementor-23531\" data-elementor-post-type=\"post\">\n\t\t\t\t<div class=\"elementor-element elementor-element-ef7aaf1 e-flex e-con-boxed e-con e-parent\" data-id=\"ef7aaf1\" data-element_type=\"container\">\n\t\t\t\t\t<div class=\"e-con-inner\">\n\t\t\t\t<div class=\"elementor-element elementor-element-2ec5ede elementor-widget elementor-widget-text-editor\" data-id=\"2ec5ede\" data-element_type=\"widget\" data-widget_type=\"text-editor.default\">\n\t\t\t\t<div class=\"elementor-widget-container\">\n\t\t\t\t\t\t\t\t\t<p>Am 28. Januar ist Internationaler Datenschutztag, au\u00dferhalb Europas besser bekannt als Privacy Day. Auch wenn es nicht gerade ein ber\u00fchmter Gedenktag ist, passt er doch gut in diese Zeit. Denn Datenschutz ist 2026 weder Neuland noch Selbstl\u00e4ufer. Er ist etabliert, teilweise routiniert \u2013 und gleichzeitig an vielen Stellen unter Druck.<\/p><p>Der Internationale Datenschutztag ist daher ein geeigneter Anlass, innezuhalten: Wo kommt der Datenschutz her? Welche Themen pr\u00e4gen ihn aktuell? Und was bedeutet das ganz konkret f\u00fcr Unternehmen im Jahr 2026?<\/p>\t\t\t\t\t\t\t\t<\/div>\n\t\t\t\t<\/div>\n\t\t\t\t<div class=\"elementor-element elementor-element-f409ce6 elementor-widget elementor-widget-text-editor\" data-id=\"f409ce6\" data-element_type=\"widget\" data-widget_type=\"text-editor.default\">\n\t\t\t\t<div class=\"elementor-widget-container\">\n\t\t\t\t\t\t\t\t\t<h2>Datenschutz als Schutz vor struktureller \u00dcbermacht<\/h2><p>Der Ursprung des Datenschutztags liegt im 28. Januar 1981. An diesem Tag wurde mit der Convention No.\u00a0108 des Europarats von den damaligen Mitgliedsstaaten des Europarats erstmals ein international verbindlicher Rahmen zum Schutz personenbezogener Daten vereinbart. Ausgangspunkt war die Sorge vor Kontrollverlust durch automatisierte Datenverarbeitung und eine Reaktion auf Machtasymmetrien \u2013 zwischen Staat und B\u00fcrger, sp\u00e4ter zwischen Unternehmen und Konsumenten.<\/p><p>Schon damals ging es um ein zentrales Thema, das bis heute relevant ist: den Ausgleich zwischen technischen M\u00f6glichkeiten und dem Schutz der Pers\u00f6nlichkeit. Datenschutz war von Beginn an kein Innovationsverhinderer, sondern eine Leitplanke.<\/p><p>Mit der Weiterentwicklung zur Convention 108+ wurde dieser Gedanke modernisiert. Themen wie globale Datenfl\u00fcsse, neue Akteure, Risikoorientierung und Verantwortlichkeit r\u00fcckten st\u00e4rker in den Fokus. Auch wenn heute die Datenschutz-Grundverordnung (DSGVO) in Europa deutlich pr\u00e4senter ist, bleibt die Convention 108+ ein wichtiger Referenzpunkt \u2013 gerade, weil sie Datenschutz als internationales Grundprinzip versteht.<\/p><h2>Datenschutz 2026<\/h2><h3>Von der Norm zur Normalit\u00e4t<\/h3><p>Acht Jahre nach Einf\u00fchrung der DSGVO l\u00e4sst sich feststellen: Datenschutz ist in Organisationen als Thema angekommen und in den meisten davon existieren Prozesse, sind Rollen definiert, liegen Dokumentationen vor. Das best\u00e4tigen auch immer wieder Umfragen und Studien, etwa vom <a href=\"https:\/\/www.bitkom.org\/Themen\/KI-Daten\/Datenschutz\/DSGVO\" target=\"_blank\" rel=\"noopener nofollow\">Digitalverband Bitkom<\/a>.<\/p><p>Gleichzeitig beobachten wir als Experten mit langj\u00e4hriger Beratungserfahrung im Datenschutz, als <a href=\"https:\/\/www.activemind.de\/datenschutz\/datenschutzbeauftragter\/\" target=\"_blank\" rel=\"noopener\">externe Datenschutzbeauftragte<\/a> und Sparringspartner f\u00fcr Gesch\u00e4ftsf\u00fchrungen eine gewisse Ern\u00fcchterung. Datenschutz wird h\u00e4ufig als aufwendig, teuer, erkl\u00e4rungsbed\u00fcrftig und schwer vermittelbar wahrgenommen \u2013 insbesondere dort, wo operative Realit\u00e4t und formale Anforderungen auseinanderlaufen.<\/p><p>Gerade hier zeigt sich, dass Datenschutz kein statisches Regelwerk ist und kein Zustand, den man einmal erreicht. Datenschutz lebt von Auslegung, Priorisierung und kontinuierlicher Anpassung. Wer ihn nur verwaltet, wird den Anforderungen oft nicht gerecht und verpasst Entwicklungen, die sich aus neuen Technologien und Gesch\u00e4ftsmodellen ergeben \u2013 aber auch aus gesellschaftlichen Erwartungen und aktuellen Gerichtsurteilen. Wer den Datenschutz hingegen \u00fcberh\u00f6ht, verliert schnell die Akzeptanz im Unternehmen.<\/p><p>Datenschutz 2026 bewegt sich damit zwischen diesen Polen \u2013 und verlangt pragmatische L\u00f6sungen, die fachlich sauber und organisatorisch tragf\u00e4hig sind.<\/p><h3>Pseudonymisierung: viel diskutiert, oft untersch\u00e4tzt<\/h3><p>Ein zentrales Thema rund um den Datenschutztag 2026 ist die Pseudonymisierung. Sp\u00e4testens seit dem <a href=\"https:\/\/www.activemind.legal\/de\/guides\/urteil-pseudonymisierung\/\">EuGH-Urteil vom 4. September 2025<\/a> wird sie intensiver diskutiert \u2013 nicht nur theoretisch, sondern sehr konkret in der Praxis.<\/p><p>Pseudonymisierung ist eine Ma\u00dfnahme, um Risiken zu reduzieren und Daten dennoch nutzbar zu halten. Sie kann Innovationen in Forschung, Analyse und Marketing erm\u00f6glichen. In der Umsetzung zeigt sich jedoch, dass sie technisch anspruchsvoll und organisatorisch aufwendig ist.<\/p><p>Viele Unternehmen stehen vor der Frage, ob der betriebene Aufwand in einem sinnvollen Verh\u00e4ltnis zum tats\u00e4chlichen Nutzen steht. Gleichzeitig wird deutlich, dass Pseudonymisierung ein wichtiger Baustein f\u00fcr datengetriebene Gesch\u00e4ftsmodelle und Projekte sein kann, wenn man sie richtig einsetzt. Dabei soll in Zukunft auch das Operationalisierungspapier zu Anonymisierung und Pseudonymisierung der Datenschutzkonferenz helfen, das im Rahmen des Europ\u00e4ischen Datenschutztages 2026 vorgestellt wird.<\/p><p>Nach unserer Erfahrung in der Beratungspraxis ist entscheidend oft weniger die theoretische Einordnung, sondern die konkrete Ausgestaltung \u2013 inklusive klarer Verantwortlichkeiten, Zugriffskonzepte und realistischer Erwartungen.<\/p><h2>Datenschutz als Qualit\u00e4tsfaktor<\/h2><p>Datenschutz wird h\u00e4ufig als Innovationsbremser wahrgenommen. In gut aufgestellten Organisationen entwickelt er sich jedoch zunehmend zu einem Qualit\u00e4tsmerkmal. Klare Datenfl\u00fcsse, definierte Verantwortlichkeiten und transparente Entscheidungen zahlen nicht nur auf Compliance ein, sondern verbessern Prozesse insgesamt.<\/p><p>Unternehmen, die Datenschutz fr\u00fchzeitig in Projekte integrieren, profitieren unter anderem von:<\/p><ul><li>klareren Entscheidungswegen,<\/li><li>geringeren Reibungsverlusten zwischen Fachbereichen,<\/li><li>besserer Vorbereitung auf neue Technologien sowie<\/li><li>h\u00f6herer Glaubw\u00fcrdigkeit gegen\u00fcber Kunden und Partnern.<\/li><\/ul><p>Datenschutz wird damit Teil der Unternehmensidentit\u00e4t \u2013 \u00e4hnlich wie Nachhaltigkeit oder Compliance.<\/p><h2>Typische Fallstricke zwischen Formalismus und \u00dcberforderung<\/h2><p>Problematisch wird es dort, wo Datenschutz entweder rein formalistisch oder \u00fcberm\u00e4\u00dfig abstrakt betrieben wird, beispielsweise wenn (externe oder betriebliche) Datenschutzbeauftragte als Pflichtposten gesehen werden und nicht als strategische Berater. All das f\u00fchrt selten zu tragf\u00e4higen Ergebnissen.<\/p><p>Die Folgen sind Checklisten ohne Verst\u00e4ndnis, Dokumentationen ohne Bezug zur Praxis oder isolierte Zust\u00e4ndigkeiten, die zwar kurzfristig Ordnung schaffen, aber keine strukturellen Fragen l\u00f6sen.<\/p><p>Was es braucht, ist ein realistischer Ansatz: Datenschutz als Bestandteil von Governance, Risikomanagement und Organisationsentwicklung \u2013 nicht als Fremdk\u00f6rper. Wer das vor dem Hintergrund der kontinuierlichen Weiterentwicklung betrachtet, kommt um ein solides <a href=\"https:\/\/www.activemind.de\/magazin\/datenschutz-management-im-unternehmen\/\" target=\"_blank\" rel=\"noopener\">Datenschutz-Managementsystem (DSMS)<\/a> nicht herum.<\/p><h2>Datenschutz im neuen Jahr<\/h2><p>Der Internationale Datenschutztag erinnert daran, dass Datenschutz aus konkreten Herausforderungen entstanden ist und konkrete Bed\u00fcrfnisse der betroffenen Personen sch\u00fctzen soll. Dieses Verst\u00e4ndnis ist auch 2026 hilfreich.<\/p><p>Zwischen <a href=\"https:\/\/www.activemind.legal\/de\/guides\/dsgvo-reform\/\">Reform\u00fcberlegungen zur DSGVO<\/a>, technischer Dynamik und wachsendem Erwartungsdruck braucht Datenschutz weniger Schlagworte und mehr Substanz, mehr Einordnung und Alltagstauglichkeit.<\/p><p>F\u00fcr Unternehmen bedeutet das: Datenschutz bleibt eine Daueraufgabe \u2013 aber eine, die sich gestalten l\u00e4sst. Mit Augenma\u00df, Fachlichkeit und einem klaren Blick f\u00fcr das Machbare.<\/p><p>Wenn Sie Datenschutz in Ihrer Organisation nicht nur erf\u00fcllen, sondern sinnvoll verankern m\u00f6chten, begleiten wir Sie gern \u2013 strukturiert, praxisnah und mit langj\u00e4hriger Erfahrung aus unterschiedlichsten Organisationen.<\/p>\t\t\t\t\t\t\t\t<\/div>\n\t\t\t\t<\/div>\n\t\t\t\t<div class=\"elementor-element elementor-element-3467653 elementor-cta--layout-image-left elementor-cta--valign-middle kl-cta elementor-cta--skin-classic elementor-animated-content elementor-bg-transform elementor-bg-transform-zoom-in elementor-widget elementor-widget-global elementor-global-18390 elementor-widget-call-to-action\" data-id=\"3467653\" data-element_type=\"widget\" data-widget_type=\"call-to-action.default\">\n\t\t\t\t<div class=\"elementor-widget-container\">\n\t\t\t\t\t\t\t<div class=\"elementor-cta\">\n\t\t\t\t\t<div class=\"elementor-cta__bg-wrapper\">\n\t\t\t\t<div class=\"elementor-cta__bg elementor-bg\" style=\"background-image: url(https:\/\/www.activemind.legal\/wp-content\/uploads\/activemind-mitarbeiter-10_quadrat_a.jpg);\" role=\"img\" aria-label=\"An data protection expoert of activeMind.legal stands in front of his team\"><\/div>\n\t\t\t\t<div class=\"elementor-cta__bg-overlay\"><\/div>\n\t\t\t<\/div>\n\t\t\t\t\t\t\t<div class=\"elementor-cta__content\">\n\t\t\t\t\n\t\t\t\t\t\t\t\t\t<h3 class=\"elementor-cta__title elementor-cta__content-item elementor-content-item\">\n\t\t\t\t\t\tCompliance als Wettbewerbsvorteil\t\t\t\t\t<\/h3>\n\t\t\t\t\n\t\t\t\t\t\t\t\t\t<div class=\"elementor-cta__description elementor-cta__content-item elementor-content-item\">\n\t\t\t\t\t\tWir machen datengetriebene Gesch\u00e4ftsmodelle m\u00f6glich - bei voller Wahrung des Datenschutzrechts!\t\t\t\t\t<\/div>\n\t\t\t\t\n\t\t\t\t\t\t\t\t\t<div class=\"elementor-cta__button-wrapper elementor-cta__content-item elementor-content-item \">\n\t\t\t\t\t<a class=\"elementor-cta__button elementor-button elementor-size-\" href=\"\/de\/rechtsberatung\/\" title=\"Individuelle Rechtsberatung\">\n\t\t\t\t\t\tJetzt informieren!\t\t\t\t\t<\/a>\n\t\t\t\t\t<\/div>\n\t\t\t\t\t\t\t<\/div>\n\t\t\t\t\t\t<\/div>\n\t\t\t\t\t\t<\/div>\n\t\t\t\t<\/div>\n\t\t\t\t\t<\/div>\n\t\t\t\t<\/div>\n\t\t\t\t<\/div>\n\t\t","protected":false},"excerpt":{"rendered":"<p>Datenschutz zwischen Anspruch und Wirklichkeit \u2013 oder welchen Stellenwert Unternehmen dem Datenschutz wirklich beimessen sollten, damit sie davon profitieren. <\/p>\n","protected":false},"author":51,"featured_media":0,"comment_status":"closed","ping_status":"closed","sticky":false,"template":"","format":"standard","meta":{"_acf_changed":false,"footnotes":""},"categories":[108],"tags":[],"class_list":["post-23531","post","type-post","status-publish","format-standard","hentry","category-data-compliance-de"],"acf":[],"yoast_head":"<!-- This site is optimized with the Yoast SEO plugin v27.3 - https:\/\/yoast.com\/product\/yoast-seo-wordpress\/ -->\n<title>Internationaler Datenschutztag 2026 - Perspektiven f\u00fcr Firmen | activeMind.legal<\/title>\n<meta name=\"description\" content=\"Datenschutz zwischen Anspruch und Wirklichkeit. Eine Analyse mit Empfehlungen f\u00fcr Unternehmen - anl\u00e4sslich des Datenschutztages 2026\" \/>\n<meta name=\"robots\" content=\"index, follow, max-snippet:-1, max-image-preview:large, max-video-preview:-1\" \/>\n<link rel=\"canonical\" href=\"https:\/\/www.activemind.legal\/de\/guides\/datenschutztag\/\" \/>\n<meta property=\"og:locale\" content=\"de_DE\" \/>\n<meta property=\"og:type\" content=\"article\" \/>\n<meta property=\"og:title\" content=\"Internationaler Datenschutztag 2026 - Perspektiven f\u00fcr Firmen | activeMind.legal\" \/>\n<meta property=\"og:description\" content=\"Datenschutz zwischen Anspruch und Wirklichkeit. Eine Analyse mit Empfehlungen f\u00fcr Unternehmen - anl\u00e4sslich des Datenschutztages 2026\" \/>\n<meta property=\"og:url\" content=\"https:\/\/www.activemind.legal\/de\/guides\/datenschutztag\/\" \/>\n<meta property=\"og:site_name\" content=\"activeMind.legal\" \/>\n<meta property=\"article:published_time\" content=\"2026-01-27T10:34:26+00:00\" \/>\n<meta property=\"article:modified_time\" content=\"2026-01-28T08:37:42+00:00\" \/>\n<meta name=\"author\" content=\"David Weihbrecht\" \/>\n<meta name=\"twitter:card\" content=\"summary_large_image\" \/>\n<meta name=\"twitter:label1\" content=\"Written by\" \/>\n\t<meta name=\"twitter:data1\" content=\"David Weihbrecht\" \/>\n\t<meta name=\"twitter:label2\" content=\"Est. reading time\" \/>\n\t<meta name=\"twitter:data2\" content=\"4 minutes\" \/>\n<script type=\"application\/ld+json\" class=\"yoast-schema-graph\">{\"@context\":\"https:\\\/\\\/schema.org\",\"@graph\":[{\"@type\":\"Article\",\"@id\":\"https:\\\/\\\/www.activemind.legal\\\/de\\\/guides\\\/datenschutztag\\\/#article\",\"isPartOf\":{\"@id\":\"https:\\\/\\\/www.activemind.legal\\\/de\\\/guides\\\/datenschutztag\\\/\"},\"author\":{\"name\":\"David Weihbrecht\",\"@id\":\"https:\\\/\\\/www.activemind.legal\\\/de\\\/#\\\/schema\\\/person\\\/c91409a16ac0a5095ca231b0ba5e2e0e\"},\"headline\":\"Internationaler Datenschutztag 2026\",\"datePublished\":\"2026-01-27T10:34:26+00:00\",\"dateModified\":\"2026-01-28T08:37:42+00:00\",\"mainEntityOfPage\":{\"@id\":\"https:\\\/\\\/www.activemind.legal\\\/de\\\/guides\\\/datenschutztag\\\/\"},\"wordCount\":907,\"publisher\":{\"@id\":\"https:\\\/\\\/www.activemind.legal\\\/de\\\/#organization\"},\"articleSection\":[\"Data-Compliance\"],\"inLanguage\":\"de-DE\"},{\"@type\":\"WebPage\",\"@id\":\"https:\\\/\\\/www.activemind.legal\\\/de\\\/guides\\\/datenschutztag\\\/\",\"url\":\"https:\\\/\\\/www.activemind.legal\\\/de\\\/guides\\\/datenschutztag\\\/\",\"name\":\"Internationaler Datenschutztag 2026 - Perspektiven f\u00fcr Firmen | activeMind.legal\",\"isPartOf\":{\"@id\":\"https:\\\/\\\/www.activemind.legal\\\/de\\\/#website\"},\"datePublished\":\"2026-01-27T10:34:26+00:00\",\"dateModified\":\"2026-01-28T08:37:42+00:00\",\"description\":\"Datenschutz zwischen Anspruch und Wirklichkeit. Eine Analyse mit Empfehlungen f\u00fcr Unternehmen - anl\u00e4sslich des Datenschutztages 2026\",\"breadcrumb\":{\"@id\":\"https:\\\/\\\/www.activemind.legal\\\/de\\\/guides\\\/datenschutztag\\\/#breadcrumb\"},\"inLanguage\":\"de-DE\",\"potentialAction\":[{\"@type\":\"ReadAction\",\"target\":[\"https:\\\/\\\/www.activemind.legal\\\/de\\\/guides\\\/datenschutztag\\\/\"]}]},{\"@type\":\"BreadcrumbList\",\"@id\":\"https:\\\/\\\/www.activemind.legal\\\/de\\\/guides\\\/datenschutztag\\\/#breadcrumb\",\"itemListElement\":[{\"@type\":\"ListItem\",\"position\":1,\"name\":\"Home\",\"item\":\"https:\\\/\\\/www.activemind.legal\\\/de\\\/\"},{\"@type\":\"ListItem\",\"position\":2,\"name\":\"Datenschutztag\"}]},{\"@type\":\"WebSite\",\"@id\":\"https:\\\/\\\/www.activemind.legal\\\/de\\\/#website\",\"url\":\"https:\\\/\\\/www.activemind.legal\\\/de\\\/\",\"name\":\"activeMind.legal\",\"description\":\"\",\"publisher\":{\"@id\":\"https:\\\/\\\/www.activemind.legal\\\/de\\\/#organization\"},\"potentialAction\":[{\"@type\":\"SearchAction\",\"target\":{\"@type\":\"EntryPoint\",\"urlTemplate\":\"https:\\\/\\\/www.activemind.legal\\\/de\\\/?s={search_term_string}\"},\"query-input\":{\"@type\":\"PropertyValueSpecification\",\"valueRequired\":true,\"valueName\":\"search_term_string\"}}],\"inLanguage\":\"de-DE\"},{\"@type\":\"Organization\",\"@id\":\"https:\\\/\\\/www.activemind.legal\\\/de\\\/#organization\",\"name\":\"activeMind.legal\",\"alternateName\":\"activeMind.legal Rechtsanwaltsgesellschaft mbH\",\"url\":\"https:\\\/\\\/www.activemind.legal\\\/de\\\/\",\"logo\":{\"@type\":\"ImageObject\",\"inLanguage\":\"de-DE\",\"@id\":\"https:\\\/\\\/www.activemind.legal\\\/de\\\/#\\\/schema\\\/logo\\\/image\\\/\",\"url\":\"https:\\\/\\\/www.activemind.legal\\\/wp-content\\\/uploads\\\/activeMind-legal_logo.svg\",\"contentUrl\":\"https:\\\/\\\/www.activemind.legal\\\/wp-content\\\/uploads\\\/activeMind-legal_logo.svg\",\"caption\":\"activeMind.legal\"},\"image\":{\"@id\":\"https:\\\/\\\/www.activemind.legal\\\/de\\\/#\\\/schema\\\/logo\\\/image\\\/\"}},{\"@type\":\"Person\",\"@id\":\"https:\\\/\\\/www.activemind.legal\\\/de\\\/#\\\/schema\\\/person\\\/c91409a16ac0a5095ca231b0ba5e2e0e\",\"name\":\"David Weihbrecht\",\"url\":\"https:\\\/\\\/www.activemind.legal\\\/de\\\/guides\\\/author\\\/davidweihbrecht\\\/\"}]}<\/script>\n<!-- \/ Yoast SEO plugin. -->","yoast_head_json":{"title":"Internationaler Datenschutztag 2026 - Perspektiven f\u00fcr Firmen | activeMind.legal","description":"Datenschutz zwischen Anspruch und Wirklichkeit. Eine Analyse mit Empfehlungen f\u00fcr Unternehmen - anl\u00e4sslich des Datenschutztages 2026","robots":{"index":"index","follow":"follow","max-snippet":"max-snippet:-1","max-image-preview":"max-image-preview:large","max-video-preview":"max-video-preview:-1"},"canonical":"https:\/\/www.activemind.legal\/de\/guides\/datenschutztag\/","og_locale":"de_DE","og_type":"article","og_title":"Internationaler Datenschutztag 2026 - Perspektiven f\u00fcr Firmen | activeMind.legal","og_description":"Datenschutz zwischen Anspruch und Wirklichkeit. Eine Analyse mit Empfehlungen f\u00fcr Unternehmen - anl\u00e4sslich des Datenschutztages 2026","og_url":"https:\/\/www.activemind.legal\/de\/guides\/datenschutztag\/","og_site_name":"activeMind.legal","article_published_time":"2026-01-27T10:34:26+00:00","article_modified_time":"2026-01-28T08:37:42+00:00","author":"David Weihbrecht","twitter_card":"summary_large_image","twitter_misc":{"Written by":"David Weihbrecht","Est. reading time":"4 minutes"},"schema":{"@context":"https:\/\/schema.org","@graph":[{"@type":"Article","@id":"https:\/\/www.activemind.legal\/de\/guides\/datenschutztag\/#article","isPartOf":{"@id":"https:\/\/www.activemind.legal\/de\/guides\/datenschutztag\/"},"author":{"name":"David Weihbrecht","@id":"https:\/\/www.activemind.legal\/de\/#\/schema\/person\/c91409a16ac0a5095ca231b0ba5e2e0e"},"headline":"Internationaler Datenschutztag 2026","datePublished":"2026-01-27T10:34:26+00:00","dateModified":"2026-01-28T08:37:42+00:00","mainEntityOfPage":{"@id":"https:\/\/www.activemind.legal\/de\/guides\/datenschutztag\/"},"wordCount":907,"publisher":{"@id":"https:\/\/www.activemind.legal\/de\/#organization"},"articleSection":["Data-Compliance"],"inLanguage":"de-DE"},{"@type":"WebPage","@id":"https:\/\/www.activemind.legal\/de\/guides\/datenschutztag\/","url":"https:\/\/www.activemind.legal\/de\/guides\/datenschutztag\/","name":"Internationaler Datenschutztag 2026 - Perspektiven f\u00fcr Firmen | activeMind.legal","isPartOf":{"@id":"https:\/\/www.activemind.legal\/de\/#website"},"datePublished":"2026-01-27T10:34:26+00:00","dateModified":"2026-01-28T08:37:42+00:00","description":"Datenschutz zwischen Anspruch und Wirklichkeit. Eine Analyse mit Empfehlungen f\u00fcr Unternehmen - anl\u00e4sslich des Datenschutztages 2026","breadcrumb":{"@id":"https:\/\/www.activemind.legal\/de\/guides\/datenschutztag\/#breadcrumb"},"inLanguage":"de-DE","potentialAction":[{"@type":"ReadAction","target":["https:\/\/www.activemind.legal\/de\/guides\/datenschutztag\/"]}]},{"@type":"BreadcrumbList","@id":"https:\/\/www.activemind.legal\/de\/guides\/datenschutztag\/#breadcrumb","itemListElement":[{"@type":"ListItem","position":1,"name":"Home","item":"https:\/\/www.activemind.legal\/de\/"},{"@type":"ListItem","position":2,"name":"Datenschutztag"}]},{"@type":"WebSite","@id":"https:\/\/www.activemind.legal\/de\/#website","url":"https:\/\/www.activemind.legal\/de\/","name":"activeMind.legal","description":"","publisher":{"@id":"https:\/\/www.activemind.legal\/de\/#organization"},"potentialAction":[{"@type":"SearchAction","target":{"@type":"EntryPoint","urlTemplate":"https:\/\/www.activemind.legal\/de\/?s={search_term_string}"},"query-input":{"@type":"PropertyValueSpecification","valueRequired":true,"valueName":"search_term_string"}}],"inLanguage":"de-DE"},{"@type":"Organization","@id":"https:\/\/www.activemind.legal\/de\/#organization","name":"activeMind.legal","alternateName":"activeMind.legal Rechtsanwaltsgesellschaft mbH","url":"https:\/\/www.activemind.legal\/de\/","logo":{"@type":"ImageObject","inLanguage":"de-DE","@id":"https:\/\/www.activemind.legal\/de\/#\/schema\/logo\/image\/","url":"https:\/\/www.activemind.legal\/wp-content\/uploads\/activeMind-legal_logo.svg","contentUrl":"https:\/\/www.activemind.legal\/wp-content\/uploads\/activeMind-legal_logo.svg","caption":"activeMind.legal"},"image":{"@id":"https:\/\/www.activemind.legal\/de\/#\/schema\/logo\/image\/"}},{"@type":"Person","@id":"https:\/\/www.activemind.legal\/de\/#\/schema\/person\/c91409a16ac0a5095ca231b0ba5e2e0e","name":"David Weihbrecht","url":"https:\/\/www.activemind.legal\/de\/guides\/author\/davidweihbrecht\/"}]}},"_links":{"self":[{"href":"https:\/\/www.activemind.legal\/de\/wp-json\/wp\/v2\/posts\/23531","targetHints":{"allow":["GET"]}}],"collection":[{"href":"https:\/\/www.activemind.legal\/de\/wp-json\/wp\/v2\/posts"}],"about":[{"href":"https:\/\/www.activemind.legal\/de\/wp-json\/wp\/v2\/types\/post"}],"author":[{"embeddable":true,"href":"https:\/\/www.activemind.legal\/de\/wp-json\/wp\/v2\/users\/51"}],"replies":[{"embeddable":true,"href":"https:\/\/www.activemind.legal\/de\/wp-json\/wp\/v2\/comments?post=23531"}],"version-history":[{"count":5,"href":"https:\/\/www.activemind.legal\/de\/wp-json\/wp\/v2\/posts\/23531\/revisions"}],"predecessor-version":[{"id":23536,"href":"https:\/\/www.activemind.legal\/de\/wp-json\/wp\/v2\/posts\/23531\/revisions\/23536"}],"wp:attachment":[{"href":"https:\/\/www.activemind.legal\/de\/wp-json\/wp\/v2\/media?parent=23531"}],"wp:term":[{"taxonomy":"category","embeddable":true,"href":"https:\/\/www.activemind.legal\/de\/wp-json\/wp\/v2\/categories?post=23531"},{"taxonomy":"post_tag","embeddable":true,"href":"https:\/\/www.activemind.legal\/de\/wp-json\/wp\/v2\/tags?post=23531"}],"curies":[{"name":"wp","href":"https:\/\/api.w.org\/{rel}","templated":true}]}}