{"id":15108,"date":"2023-04-12T11:37:51","date_gmt":"2023-04-12T09:37:51","guid":{"rendered":"https:\/\/www.activemind.legal\/?p=15108"},"modified":"2023-04-12T11:59:09","modified_gmt":"2023-04-12T09:59:09","slug":"urteil-eugh-paragraf-26-bdsg","status":"publish","type":"post","link":"https:\/\/www.activemind.legal\/de\/guides\/urteil-eugh-paragraf-26-bdsg\/","title":{"rendered":"EuGH erkl\u00e4rt \u00a7 26 Abs. 1 S.1 BDSG im Besch\u00e4ftigtendatenschutz f\u00fcr ung\u00fcltig"},"content":{"rendered":"\t\t<div data-elementor-type=\"wp-post\" data-elementor-id=\"15108\" class=\"elementor elementor-15108\" data-elementor-post-type=\"post\">\n\t\t\t\t\t\t<section class=\"elementor-section elementor-top-section elementor-element elementor-element-2f3ed12 elementor-section-boxed elementor-section-height-default elementor-section-height-default\" data-id=\"2f3ed12\" data-element_type=\"section\">\n\t\t\t\t\t\t<div class=\"elementor-container elementor-column-gap-default\">\n\t\t\t\t\t<div class=\"elementor-column elementor-col-100 elementor-top-column elementor-element elementor-element-aed7b93\" data-id=\"aed7b93\" data-element_type=\"column\">\n\t\t\t<div class=\"elementor-widget-wrap elementor-element-populated\">\n\t\t\t\t\t\t<div class=\"elementor-element elementor-element-5937a95 elementor-widget elementor-widget-text-editor\" data-id=\"5937a95\" data-element_type=\"widget\" data-widget_type=\"text-editor.default\">\n\t\t\t\t<div class=\"elementor-widget-container\">\n\t\t\t\t\t\t\t\t\t<p>Generalklauseln im nationalen Besch\u00e4ftigtendatenschutz stellen keine \u201espezifischere Vorschrift\u201c im Sinne von Art. 88 Abs. 1 DSGVO (Datenschutz-Grundverordnung) dar und versto\u00dfen daher gegen die vorrangig anwendbare DSGVO, entschied der Europ\u00e4ische Gerichtshof (EuGH). Nun stellt sich die Frage, welche Tragweite der Richterspruch f\u00fcr \u00a7 26 Bundesdatenschutzgesetz (BDSG)\u00a0 entfaltet (Urteil vom 30. M\u00e4rz 2023, <a href=\"https:\/\/curia.europa.eu\/juris\/document\/document.jsf?text=&amp;docid=272066&amp;pageIndex=0&amp;doclang=DE&amp;mode=req&amp;dir=&amp;occ=first&amp;part=1\" target=\"_blank\" rel=\"noopener nofollow\">Az.: C\u201134\/21)<\/a>. <\/p>\t\t\t\t\t\t\t\t<\/div>\n\t\t\t\t<\/div>\n\t\t\t\t<div class=\"elementor-element elementor-element-c59fce8 elementor-widget elementor-widget-text-editor\" data-id=\"c59fce8\" data-element_type=\"widget\" data-widget_type=\"text-editor.default\">\n\t\t\t\t<div class=\"elementor-widget-container\">\n\t\t\t\t\t\t\t\t\t<h2>Hintergrund der Entscheidung<\/h2><p>Hintergrund der EuGH-Entscheidung ist ein Fall aus Hessen. An hessischen Schulen wurde w\u00e4hrend der Corona-Pandemie ein Livestream-Unterricht \u00fcber ein Videokonferenzsystem eingef\u00fchrt. F\u00fcr die damit einhergehende Datenverarbeitung wurde die Einwilligung der Sch\u00fcler bzw. von deren Erziehungsberechtigten eingeholt.<\/p><p>Die Einwilligung der von der Datenverarbeitung ebenfalls betroffenen Lehrerkr\u00e4fte wurde dagegen nicht eingeholt. Grund hierf\u00fcr war der \u00a7 23 Abs. 1 S.1 des hessischen Datenschutzgesetzes (HDSIG), welcher identisch mit <a href=\"https:\/\/www.activemind.legal\/de\/gesetze\/bdsg\/paragraf-26\/\">\u00a7 26 Abs. 1 S. 1 BDSG<\/a> ist. Hiernach d\u00fcrfen Daten von Besch\u00e4ftigen verarbeitet werden, wenn diese f\u00fcr die Begr\u00fcndung, Durchf\u00fchrung oder Beendigung des Besch\u00e4ftigtenverh\u00e4ltnisses von Relevanz sind.<\/p><p>Dass eine Einwilligung der betroffenen Lehrkr\u00e4fte nicht vorgesehen war, r\u00fcgte der Hauptpersonalrat der Lehrerinnen und Lehrer vom hessischen Kultusministerium und erhob Klage. Das Land Hessen vertrat dagegen die Ansicht, dass die Datenverarbeitung der Lehrerschaft durch den Livestream-Unterricht von nationalen Regelungen gedeckt sei.<\/p><p>Das zust\u00e4ndige Verwaltungsgericht hatte allerdings Zweifel daran, ob die nationale Regelung als \u201espezifischere Vorschriften\u201c gem\u00e4\u00df <a href=\"https:\/\/www.activemind.legal\/de\/gesetze\/dsgvo\/artikel-88\/\">Art. 88 Abs. 1 DSGVO<\/a>, zur Verarbeitung von Besch\u00e4ftigtendaten, mit den Vorgaben des Art. 88 Abs. 2 DSGVO vereinbar sei. Daher ersuchte das Verwaltungsgericht den EuGH um eine Vorabentscheidung.<\/p>\t\t\t\t\t\t\t\t<\/div>\n\t\t\t\t<\/div>\n\t\t\t\t<div class=\"elementor-element elementor-element-a31f6dd elementor-widget elementor-widget-global elementor-global-14705 elementor-widget-text-editor\" data-id=\"a31f6dd\" data-element_type=\"widget\" data-widget_type=\"text-editor.default\">\n\t\t\t\t<div class=\"elementor-widget-container\">\n\t\t\t\t\t\t\t\t\t<p><strong>Aktuelle Urteile zur DSGVO<\/strong><\/p><p>In unseren <a href=\"\/de\/urteile\/\">regelm\u00e4\u00dfigen Besprechungen von Urteilen zum Datenschutzrecht<\/a> erkl\u00e4ren wir Ihnen die Konsequenzen f\u00fcr den Unternehmensalltag.<\/p>\t\t\t\t\t\t\t\t<\/div>\n\t\t\t\t<\/div>\n\t\t\t\t<div class=\"elementor-element elementor-element-0da6d89 elementor-widget elementor-widget-text-editor\" data-id=\"0da6d89\" data-element_type=\"widget\" data-widget_type=\"text-editor.default\">\n\t\t\t\t<div class=\"elementor-widget-container\">\n\t\t\t\t\t\t\t\t\t<h2>Der Richterspruch<\/h2><p>Mit seinem Urteil entschied der Gerichtshof, dass nationale Rechtsvorschriften nicht als \u201espezifischere Vorschrift\u201c im Sinne Art. 88 Abs. 1 DSGVO gelten k\u00f6nnen, wenn diese nicht die Vorgaben des Art. 88 Abs. 2 DSGVO erf\u00fcllen.<\/p><p>Hierzu f\u00fchrt das Gericht an, dass Art. 88 Abs.1 DSGVO mit seinem Wortlaut \u201espezifischere Vorschrift\u201c bereits verdeutlicht, dass der nationale Regelungsgehalt sich von den allgemeinen Regelungen in der DSGVO unterscheiden muss. Der Wortlaut des Art. 88 Abs. 2 DSGVO setzt sodann dem Ermessen der Mitgliedstaaten Grenzen bez\u00fcglich der Verabschiedung \u201espezifischerer Vorschriften\u201c nach Art. 88 Abs. 1 DSGVO. Demnach d\u00fcrfen \u201espezifischere Vorschriften\u201c sich nicht auf eine Wiederholung der Bestimmungen der DSGVO beschr\u00e4nken und m\u00fcssen geeignete Ma\u00dfnahmen zur Wahrung der menschlichen W\u00fcrde, der berechtigten Interessen und der Grundrechte der betroffenen Person erfassen.<\/p><p>Im zweiten Schritt f\u00fchrt der Gerichtshof an, warum die betroffenen nationalen Bestimmungen gerade nicht die Vorgaben nach Art. 88 Abs.2 DSGVO erf\u00fcllen, um als \u201espezifischere Vorschrift\u201c nach Art. 88 Abs. 1 DSGVO zu gelten.<\/p><p>Generalklauseln wie der \u00a7 26 Abs. 1 S. 1 BDSG bzw. \u00a7 23 Abs. 1 S. 1 HDSIG geben nur vor, dass personenbezogene Daten von Besch\u00e4ftigten f\u00fcr gewisse Zwecke verarbeitet werden d\u00fcrfen, wenn diese zur Vertragsdurchf\u00fchrung erforderlich sind. Damit handelt es sich um eine Wiederholung des Sinngehaltes von <a href=\"https:\/\/www.activemind.legal\/de\/gesetze\/dsgvo\/artikel-6\/\">Art. 6 Abs.1 lit. b DSGVO<\/a>. Dieser stellt die Datenverarbeitung auch unter die Voraussetzung der Erforderlichkeit zur Vertragsdurchf\u00fchrung.<\/p><p>Eine spezifische Konkretisierung bez\u00fcglich des Besch\u00e4ftigtenkontextes durch den deutschen Gesetzgeber liegt damit nicht vor. Die Mindestanforderungen des Art. 88 Abs. 2 DSGVO werden nicht erf\u00fcllt, so dass einer direkten Anwendung von Art. 6 Abs.1 lit. b DSGVO nichts entgegensteht. Damit betont der Gerichtshof, dass in Ermangelung \u201espezifischerer Vorschriften\u201c und wegen des Vorrangs des Unionsrechts die Verarbeitung von Besch\u00e4ftigtendaten sowohl im privaten als auch \u00f6ffentlichen Sektor durch die Bestimmungen der DSGVO geregelt werden.<\/p><h2>Datenschutzrechtliche Einsch\u00e4tzung<\/h2><p>Zwar bezieht sich der EuGH in seinem Urteil auf das Besch\u00e4ftigtendatenschutzrecht aus Hessen. Allerdings ist der \u00a7 23 Abs. 1 S. 1 HDSIG identisch zum Wortlaut des \u00a7 26 Abs.1 S. 1 BDSG, so dass sich das Urteil auf den gesamten deutschen Besch\u00e4ftigtendatenschutz auswirkt.<\/p><p>Nach dem <a href=\"https:\/\/www.activemind.legal\/de\/gesetze\/dsgvo\/erwaegungsgrund-7\/\">Erw\u00e4gungsgrund 7 DSGVO<\/a> ist die Intention der DSGVO den Datenschutz innerhalb der Europ\u00e4ischen Union zu vereinheitlichen, weshalb Mitgliedsstaaten kein eigenes Datenschutzrecht verabschieden d\u00fcrfen. Das h\u00f6herrangige Europarecht genie\u00dft in einem Kollisionsfall den Vorrang. Entsprechend des geltenden Normwiederholungsverbots ist eine wiederholende nationale Vorschrift folglich unzul\u00e4ssig, da sie f\u00fcr Verwirrung sorgt und die Transparenz einer Datenverarbeitung konterkariert.<\/p><p>Die bestehenden \u00d6ffnungsklauseln wie Art. 88 DSGVO erm\u00f6glichen es Mitgliedstaaten zwar innerhalb des Datenschutzrechts eigene Regelungen zu treffen, allerdings m\u00fcssen sie sich dabei an die Bedingungen der jeweiligen \u00d6ffnungsklausel halten. Art. 88 Abs. 1 DSGVO f\u00fchrt deutlich an, dass Mitgliedsstaaten im Besch\u00e4ftigtendatenschutz lediglich \u201espezifischere Vorschriften\u201c erlassen d\u00fcrfen. Das Verabschieden eines g\u00e4nzlich eigenst\u00e4ndiges Datenschutzrechts neben der DSGVO \u2013 hier einer Rechtgrundlage \u2013 ist dagegen nicht m\u00f6glich.<\/p><p>Im Ergebnis bleiben die Auswirkungen auf den Besch\u00e4ftigtenschutz in der Praxis durch den Wegfall des \u00a7 26 Abs.1 S. 1 BDSG gering. Arbeitgeber m\u00fcssen sich in Zukunft bei der Verarbeitung von Daten im Besch\u00e4ftigtenkontext auf Art. 6 Abs. 1 lit. b, f DSGVO st\u00fctzen. Dies sollte die Unternehmen aber nicht vor allzu gro\u00dfe H\u00fcrden stellen, die Rechtsgrundlage zur Datenverarbeitung zur Erf\u00fcllung eines Vertrages nach Art.6 Abs. 1 lit. b DSGVO oder zur Wahrung des berechtigten Interesses nach Art. 6 Abs. lit. f DSGVO ersetzen den Regelungsgehalt des \u00a7 26 Abs. 1 S. 1 BDSG nahezu vollst\u00e4ndig.<\/p><p>F\u00fcr europaweit t\u00e4tige gr\u00f6\u00dfere Konzernverb\u00fcnde kann dies sogar von Vorteil sein, da somit eine Vereinheitlichung des Besch\u00e4ftigtendatenschutzes erreicht werden kann und eine m\u00fchselige Auseinandersetzung mit der uneinheitlichen nationalen Gesetzgebung wegf\u00e4llt.<\/p><p>Der EuGH legt in seinem Urteil offen, dass das BAG (Bundesarbeitsgericht) bei Zweifeln zur Auslegung der Art. 6 Abs. 1 lit b, f DSGVO die Fragen dem EuGH gem\u00e4\u00df Art. 267 Vertrag \u00fcber die Arbeitsweise der Europ\u00e4ischen Union (AEUV) vorlegen muss. Damit wird die Stellung des BAG zur Thematik des Besch\u00e4ftigtendatenschutzes deutlich geschw\u00e4cht.<\/p><p>Welche Auswirkungen das Urteil auf die \u00fcbrigen Abs\u00e4tze des \u00a7 26 BDSG hat bleibt offen. Allerdings ist bei n\u00e4herer Betrachtung der weiteren Abs\u00e4tze nicht davon auszugehen, dass die Vorgaben des Urteils zum \u00a7 26 Abs. 1 BDSG sich auch auf die anderen Abs\u00e4tze auswirken. Denn diese weiteren Abs\u00e4tze des \u00a7 26 BDSG stellen tats\u00e4chlich \u201espezifischere Regelungen\u201c dar, die sich mit ihren Regelungsgehalt nicht in der DSGVO wieder finden.<\/p><p>Eine Sonderregelung zu Art. 6 Abs. 1 lit. a DSGVO stellt beispielsweise die Einwilligung nach \u00a7 26 Abs. 2 BDSG dar: Aufgrund des bestehenden Abh\u00e4ngigkeitsverh\u00e4ltnisses und der damit mangelnden Freiwilligkeit der Einwilligung im Besch\u00e4ftigtenverh\u00e4ltnis gilt die Einwilligung nach \u00a7 26 Abs. 2 BDSG als Ausnahmevorschrift. Zudem nennt \u00a7 26 Absatz 2 BDSG im Vergleich zu Art. 6 Abs. lit. a DSGVO, die Kriterien, wann von der Freiwilligkeit einer durch Besch\u00e4ftigte erteilten Einwilligung ausgegangen werden kann. \u00a7 26 Abs. 3 BDSG kann sich beispielsweise auf die \u00d6ffnungsklausel des <a href=\"https:\/\/www.activemind.legal\/de\/gesetze\/dsgvo\/artikel-9\/\">Art. 9 Abs. 2 lit b DSGVO<\/a> st\u00fctzen.<\/p><p>Damit kann davon ausgegangen werden, dass die restlichen Abs\u00e4tze die Vorgaben des Art. 88 Abs. 2 DSGVO erf\u00fcllen, um als spezifischere Vorschrift nach Art. 88 Abs. 1 DSGVO zu gelten.<\/p><h2>Fazit<\/h2><p>Der deutsche Gesetzgeber wird sich durch das Urteil auf die F\u00fc\u00dfe getreten f\u00fchlen. Trotz anhaltender Kritik hat man es vers\u00e4umt, mit dem BDSG rechtssichere und angemessene Regelungen zum Besch\u00e4ftigtendatenschutz zu schaffen. Jetzt folgt mit dem EuGH-Urteil ein nahtloser \u00dcbergang vom \u00a7 26 BSDG zum Art. 6 Abs. 1 lit. f, b DSGVO. Ob der deutsche Gesetzgeber dieses EuGH-Urteil zum Anlass nimmt, eine z\u00fcgige Verbesserung des nationalen Besch\u00e4ftigtendatenschutzes vorzunehmen, bleibt allerdings ungewiss.<\/p><p>Mit Sicherheit hat allerdings das vorliegende Urteil Auswirkungen auf die zuk\u00fcnftige Behandlung des Besch\u00e4ftigtendatenschutzes im \u00f6ffentlichen und privaten Sektor. Unternehmen und \u00f6ffentliche Einrichtungen sollten nun entsprechend den Vorgaben des EuGH-Urteils ihre bestehenden Informationsschreiben und Verarbeitungsverzeichnisse \u00fcberpr\u00fcfen und die Angaben zu \u00a7 26 BDSG durch Art. 6 Abs. lit. b, f DSGVO ersetzen. <\/p>\t\t\t\t\t\t\t\t<\/div>\n\t\t\t\t<\/div>\n\t\t\t\t\t<\/div>\n\t\t<\/div>\n\t\t\t\t\t<\/div>\n\t\t<\/section>\n\t\t\t\t<\/div>\n\t\t","protected":false},"excerpt":{"rendered":"<p>Arbeitgeber m\u00fcssen k\u00fcnftig eine Rechtsgrundlage der DSGVO nutzen, um Daten im Besch\u00e4ftigungsverh\u00e4ltnis zu verarbeiten. <\/p>\n","protected":false},"author":28,"featured_media":0,"comment_status":"closed","ping_status":"closed","sticky":false,"template":"","format":"standard","meta":{"_acf_changed":false,"footnotes":""},"categories":[49,45],"tags":[],"class_list":["post-15108","post","type-post","status-publish","format-standard","hentry","category-eugh","category-urteile"],"acf":[],"yoast_head":"<!-- This site is optimized with the Yoast SEO plugin v27.3 - https:\/\/yoast.com\/product\/yoast-seo-wordpress\/ -->\n<title>EuGH erkl\u00e4rt \u00a7 26 Abs. 1 S.1 BDSG f\u00fcr ung\u00fcltig | activeMind.legal<\/title>\n<meta name=\"description\" content=\"Arbeitgeber m\u00fcssen k\u00fcnftig eine Rechtsgrundlage der DSGVO nutzen, um Daten im Besch\u00e4ftigungsverh\u00e4ltnis zu verarbeiten.\" \/>\n<meta name=\"robots\" content=\"index, follow, max-snippet:-1, max-image-preview:large, max-video-preview:-1\" \/>\n<link rel=\"canonical\" href=\"https:\/\/www.activemind.legal\/de\/guides\/urteil-eugh-paragraf-26-bdsg\/\" \/>\n<meta property=\"og:locale\" content=\"de_DE\" \/>\n<meta property=\"og:type\" content=\"article\" \/>\n<meta property=\"og:title\" content=\"EuGH erkl\u00e4rt \u00a7 26 Abs. 1 S.1 BDSG f\u00fcr ung\u00fcltig | activeMind.legal\" \/>\n<meta property=\"og:description\" content=\"Arbeitgeber m\u00fcssen k\u00fcnftig eine Rechtsgrundlage der DSGVO nutzen, um Daten im Besch\u00e4ftigungsverh\u00e4ltnis zu verarbeiten.\" \/>\n<meta property=\"og:url\" content=\"https:\/\/www.activemind.legal\/de\/guides\/urteil-eugh-paragraf-26-bdsg\/\" \/>\n<meta property=\"og:site_name\" content=\"activeMind.legal\" \/>\n<meta property=\"article:published_time\" content=\"2023-04-12T09:37:51+00:00\" \/>\n<meta property=\"article:modified_time\" content=\"2023-04-12T09:59:09+00:00\" \/>\n<meta property=\"og:image\" content=\"https:\/\/www.activemind.legal\/wp-content\/uploads\/activemind-legal-social-sharing-eugh-paragraf-26-bdsg.jpg\" \/>\n\t<meta property=\"og:image:width\" content=\"1200\" \/>\n\t<meta property=\"og:image:height\" content=\"630\" \/>\n\t<meta property=\"og:image:type\" content=\"image\/jpeg\" \/>\n<meta name=\"author\" content=\"Klaus Foitzick\" \/>\n<meta name=\"twitter:card\" content=\"summary_large_image\" \/>\n<meta name=\"twitter:label1\" content=\"Written by\" \/>\n\t<meta name=\"twitter:data1\" content=\"Klaus Foitzick\" \/>\n\t<meta name=\"twitter:label2\" content=\"Est. reading time\" \/>\n\t<meta name=\"twitter:data2\" content=\"6 minutes\" \/>\n<script type=\"application\/ld+json\" class=\"yoast-schema-graph\">{\"@context\":\"https:\\\/\\\/schema.org\",\"@graph\":[{\"@type\":\"Article\",\"@id\":\"https:\\\/\\\/www.activemind.legal\\\/de\\\/guides\\\/urteil-eugh-paragraf-26-bdsg\\\/#article\",\"isPartOf\":{\"@id\":\"https:\\\/\\\/www.activemind.legal\\\/de\\\/guides\\\/urteil-eugh-paragraf-26-bdsg\\\/\"},\"author\":{\"name\":\"Klaus Foitzick\",\"@id\":\"https:\\\/\\\/www.activemind.legal\\\/de\\\/#\\\/schema\\\/person\\\/c4ba9971ab37531a70b5974d0e835132\"},\"headline\":\"EuGH erkl\u00e4rt \u00a7 26 Abs. 1 S.1 BDSG im Besch\u00e4ftigtendatenschutz f\u00fcr ung\u00fcltig\",\"datePublished\":\"2023-04-12T09:37:51+00:00\",\"dateModified\":\"2023-04-12T09:59:09+00:00\",\"mainEntityOfPage\":{\"@id\":\"https:\\\/\\\/www.activemind.legal\\\/de\\\/guides\\\/urteil-eugh-paragraf-26-bdsg\\\/\"},\"wordCount\":1230,\"publisher\":{\"@id\":\"https:\\\/\\\/www.activemind.legal\\\/de\\\/#organization\"},\"articleSection\":[\"EuGH\",\"Urteile\"],\"inLanguage\":\"de-DE\"},{\"@type\":\"WebPage\",\"@id\":\"https:\\\/\\\/www.activemind.legal\\\/de\\\/guides\\\/urteil-eugh-paragraf-26-bdsg\\\/\",\"url\":\"https:\\\/\\\/www.activemind.legal\\\/de\\\/guides\\\/urteil-eugh-paragraf-26-bdsg\\\/\",\"name\":\"EuGH erkl\u00e4rt \u00a7 26 Abs. 1 S.1 BDSG f\u00fcr ung\u00fcltig | activeMind.legal\",\"isPartOf\":{\"@id\":\"https:\\\/\\\/www.activemind.legal\\\/de\\\/#website\"},\"datePublished\":\"2023-04-12T09:37:51+00:00\",\"dateModified\":\"2023-04-12T09:59:09+00:00\",\"description\":\"Arbeitgeber m\u00fcssen k\u00fcnftig eine Rechtsgrundlage der DSGVO nutzen, um Daten im Besch\u00e4ftigungsverh\u00e4ltnis zu verarbeiten.\",\"breadcrumb\":{\"@id\":\"https:\\\/\\\/www.activemind.legal\\\/de\\\/guides\\\/urteil-eugh-paragraf-26-bdsg\\\/#breadcrumb\"},\"inLanguage\":\"de-DE\",\"potentialAction\":[{\"@type\":\"ReadAction\",\"target\":[\"https:\\\/\\\/www.activemind.legal\\\/de\\\/guides\\\/urteil-eugh-paragraf-26-bdsg\\\/\"]}]},{\"@type\":\"BreadcrumbList\",\"@id\":\"https:\\\/\\\/www.activemind.legal\\\/de\\\/guides\\\/urteil-eugh-paragraf-26-bdsg\\\/#breadcrumb\",\"itemListElement\":[{\"@type\":\"ListItem\",\"position\":1,\"name\":\"Home\",\"item\":\"https:\\\/\\\/www.activemind.legal\\\/de\\\/\"},{\"@type\":\"ListItem\",\"position\":2,\"name\":\"Urteil zu \u00a7 26 Abs. 1 S.1 BDSG\"}]},{\"@type\":\"WebSite\",\"@id\":\"https:\\\/\\\/www.activemind.legal\\\/de\\\/#website\",\"url\":\"https:\\\/\\\/www.activemind.legal\\\/de\\\/\",\"name\":\"activeMind.legal\",\"description\":\"\",\"publisher\":{\"@id\":\"https:\\\/\\\/www.activemind.legal\\\/de\\\/#organization\"},\"potentialAction\":[{\"@type\":\"SearchAction\",\"target\":{\"@type\":\"EntryPoint\",\"urlTemplate\":\"https:\\\/\\\/www.activemind.legal\\\/de\\\/?s={search_term_string}\"},\"query-input\":{\"@type\":\"PropertyValueSpecification\",\"valueRequired\":true,\"valueName\":\"search_term_string\"}}],\"inLanguage\":\"de-DE\"},{\"@type\":\"Organization\",\"@id\":\"https:\\\/\\\/www.activemind.legal\\\/de\\\/#organization\",\"name\":\"activeMind.legal\",\"alternateName\":\"activeMind.legal Rechtsanwaltsgesellschaft mbH\",\"url\":\"https:\\\/\\\/www.activemind.legal\\\/de\\\/\",\"logo\":{\"@type\":\"ImageObject\",\"inLanguage\":\"de-DE\",\"@id\":\"https:\\\/\\\/www.activemind.legal\\\/de\\\/#\\\/schema\\\/logo\\\/image\\\/\",\"url\":\"https:\\\/\\\/www.activemind.legal\\\/wp-content\\\/uploads\\\/activeMind-legal_logo.svg\",\"contentUrl\":\"https:\\\/\\\/www.activemind.legal\\\/wp-content\\\/uploads\\\/activeMind-legal_logo.svg\",\"caption\":\"activeMind.legal\"},\"image\":{\"@id\":\"https:\\\/\\\/www.activemind.legal\\\/de\\\/#\\\/schema\\\/logo\\\/image\\\/\"}},{\"@type\":\"Person\",\"@id\":\"https:\\\/\\\/www.activemind.legal\\\/de\\\/#\\\/schema\\\/person\\\/c4ba9971ab37531a70b5974d0e835132\",\"name\":\"Klaus Foitzick\",\"url\":\"https:\\\/\\\/www.activemind.legal\\\/de\\\/guides\\\/author\\\/klausfoitzick\\\/\"}]}<\/script>\n<!-- \/ Yoast SEO plugin. -->","yoast_head_json":{"title":"EuGH erkl\u00e4rt \u00a7 26 Abs. 1 S.1 BDSG f\u00fcr ung\u00fcltig | activeMind.legal","description":"Arbeitgeber m\u00fcssen k\u00fcnftig eine Rechtsgrundlage der DSGVO nutzen, um Daten im Besch\u00e4ftigungsverh\u00e4ltnis zu verarbeiten.","robots":{"index":"index","follow":"follow","max-snippet":"max-snippet:-1","max-image-preview":"max-image-preview:large","max-video-preview":"max-video-preview:-1"},"canonical":"https:\/\/www.activemind.legal\/de\/guides\/urteil-eugh-paragraf-26-bdsg\/","og_locale":"de_DE","og_type":"article","og_title":"EuGH erkl\u00e4rt \u00a7 26 Abs. 1 S.1 BDSG f\u00fcr ung\u00fcltig | activeMind.legal","og_description":"Arbeitgeber m\u00fcssen k\u00fcnftig eine Rechtsgrundlage der DSGVO nutzen, um Daten im Besch\u00e4ftigungsverh\u00e4ltnis zu verarbeiten.","og_url":"https:\/\/www.activemind.legal\/de\/guides\/urteil-eugh-paragraf-26-bdsg\/","og_site_name":"activeMind.legal","article_published_time":"2023-04-12T09:37:51+00:00","article_modified_time":"2023-04-12T09:59:09+00:00","og_image":[{"width":1200,"height":630,"url":"https:\/\/www.activemind.legal\/wp-content\/uploads\/activemind-legal-social-sharing-eugh-paragraf-26-bdsg.jpg","type":"image\/jpeg"}],"author":"Klaus Foitzick","twitter_card":"summary_large_image","twitter_misc":{"Written by":"Klaus Foitzick","Est. reading time":"6 minutes"},"schema":{"@context":"https:\/\/schema.org","@graph":[{"@type":"Article","@id":"https:\/\/www.activemind.legal\/de\/guides\/urteil-eugh-paragraf-26-bdsg\/#article","isPartOf":{"@id":"https:\/\/www.activemind.legal\/de\/guides\/urteil-eugh-paragraf-26-bdsg\/"},"author":{"name":"Klaus Foitzick","@id":"https:\/\/www.activemind.legal\/de\/#\/schema\/person\/c4ba9971ab37531a70b5974d0e835132"},"headline":"EuGH erkl\u00e4rt \u00a7 26 Abs. 1 S.1 BDSG im Besch\u00e4ftigtendatenschutz f\u00fcr ung\u00fcltig","datePublished":"2023-04-12T09:37:51+00:00","dateModified":"2023-04-12T09:59:09+00:00","mainEntityOfPage":{"@id":"https:\/\/www.activemind.legal\/de\/guides\/urteil-eugh-paragraf-26-bdsg\/"},"wordCount":1230,"publisher":{"@id":"https:\/\/www.activemind.legal\/de\/#organization"},"articleSection":["EuGH","Urteile"],"inLanguage":"de-DE"},{"@type":"WebPage","@id":"https:\/\/www.activemind.legal\/de\/guides\/urteil-eugh-paragraf-26-bdsg\/","url":"https:\/\/www.activemind.legal\/de\/guides\/urteil-eugh-paragraf-26-bdsg\/","name":"EuGH erkl\u00e4rt \u00a7 26 Abs. 1 S.1 BDSG f\u00fcr ung\u00fcltig | activeMind.legal","isPartOf":{"@id":"https:\/\/www.activemind.legal\/de\/#website"},"datePublished":"2023-04-12T09:37:51+00:00","dateModified":"2023-04-12T09:59:09+00:00","description":"Arbeitgeber m\u00fcssen k\u00fcnftig eine Rechtsgrundlage der DSGVO nutzen, um Daten im Besch\u00e4ftigungsverh\u00e4ltnis zu verarbeiten.","breadcrumb":{"@id":"https:\/\/www.activemind.legal\/de\/guides\/urteil-eugh-paragraf-26-bdsg\/#breadcrumb"},"inLanguage":"de-DE","potentialAction":[{"@type":"ReadAction","target":["https:\/\/www.activemind.legal\/de\/guides\/urteil-eugh-paragraf-26-bdsg\/"]}]},{"@type":"BreadcrumbList","@id":"https:\/\/www.activemind.legal\/de\/guides\/urteil-eugh-paragraf-26-bdsg\/#breadcrumb","itemListElement":[{"@type":"ListItem","position":1,"name":"Home","item":"https:\/\/www.activemind.legal\/de\/"},{"@type":"ListItem","position":2,"name":"Urteil zu \u00a7 26 Abs. 1 S.1 BDSG"}]},{"@type":"WebSite","@id":"https:\/\/www.activemind.legal\/de\/#website","url":"https:\/\/www.activemind.legal\/de\/","name":"activeMind.legal","description":"","publisher":{"@id":"https:\/\/www.activemind.legal\/de\/#organization"},"potentialAction":[{"@type":"SearchAction","target":{"@type":"EntryPoint","urlTemplate":"https:\/\/www.activemind.legal\/de\/?s={search_term_string}"},"query-input":{"@type":"PropertyValueSpecification","valueRequired":true,"valueName":"search_term_string"}}],"inLanguage":"de-DE"},{"@type":"Organization","@id":"https:\/\/www.activemind.legal\/de\/#organization","name":"activeMind.legal","alternateName":"activeMind.legal Rechtsanwaltsgesellschaft mbH","url":"https:\/\/www.activemind.legal\/de\/","logo":{"@type":"ImageObject","inLanguage":"de-DE","@id":"https:\/\/www.activemind.legal\/de\/#\/schema\/logo\/image\/","url":"https:\/\/www.activemind.legal\/wp-content\/uploads\/activeMind-legal_logo.svg","contentUrl":"https:\/\/www.activemind.legal\/wp-content\/uploads\/activeMind-legal_logo.svg","caption":"activeMind.legal"},"image":{"@id":"https:\/\/www.activemind.legal\/de\/#\/schema\/logo\/image\/"}},{"@type":"Person","@id":"https:\/\/www.activemind.legal\/de\/#\/schema\/person\/c4ba9971ab37531a70b5974d0e835132","name":"Klaus Foitzick","url":"https:\/\/www.activemind.legal\/de\/guides\/author\/klausfoitzick\/"}]}},"_links":{"self":[{"href":"https:\/\/www.activemind.legal\/de\/wp-json\/wp\/v2\/posts\/15108","targetHints":{"allow":["GET"]}}],"collection":[{"href":"https:\/\/www.activemind.legal\/de\/wp-json\/wp\/v2\/posts"}],"about":[{"href":"https:\/\/www.activemind.legal\/de\/wp-json\/wp\/v2\/types\/post"}],"author":[{"embeddable":true,"href":"https:\/\/www.activemind.legal\/de\/wp-json\/wp\/v2\/users\/28"}],"replies":[{"embeddable":true,"href":"https:\/\/www.activemind.legal\/de\/wp-json\/wp\/v2\/comments?post=15108"}],"version-history":[{"count":8,"href":"https:\/\/www.activemind.legal\/de\/wp-json\/wp\/v2\/posts\/15108\/revisions"}],"predecessor-version":[{"id":15119,"href":"https:\/\/www.activemind.legal\/de\/wp-json\/wp\/v2\/posts\/15108\/revisions\/15119"}],"wp:attachment":[{"href":"https:\/\/www.activemind.legal\/de\/wp-json\/wp\/v2\/media?parent=15108"}],"wp:term":[{"taxonomy":"category","embeddable":true,"href":"https:\/\/www.activemind.legal\/de\/wp-json\/wp\/v2\/categories?post=15108"},{"taxonomy":"post_tag","embeddable":true,"href":"https:\/\/www.activemind.legal\/de\/wp-json\/wp\/v2\/tags?post=15108"}],"curies":[{"name":"wp","href":"https:\/\/api.w.org\/{rel}","templated":true}]}}